{"id":766,"date":"2024-01-13T14:40:47","date_gmt":"2024-01-13T14:40:47","guid":{"rendered":"https:\/\/telluturkka.fi\/?p=766"},"modified":"2024-12-02T11:56:05","modified_gmt":"2024-12-02T11:56:05","slug":"keikkakalenteri-2024","status":"publish","type":"post","link":"https:\/\/telluturkka.fi\/en\/keikkakalenteri-2024\/","title":{"rendered":"Keikkakalenteri 2024"},"content":{"rendered":"<p>3.2. Penttil\u00e4n kolmoset, Joensuun Pakkahuone klo 18, liput 20\u20ac\/15\u20ac<br \/>\nhttps:\/\/vaarapyora.tapahtumiin.fi<br \/>\n4.2. Penttil\u00e4n kolmoset, Joensuun Pakkahuone klo 15<br \/>\n7.2. Penttil\u00e4n kolmoset, Joensuun Pakkahuone klo 19<br \/>\n8.2. Penttil\u00e4n kolmoset, Joensuun Pakkahuone klo 19<br \/>\n10.2. Penttil\u00e4n kolmoset, Joensuun Pakkahuone klo 18<br \/>\n11.2. Penttil\u00e4n kolmoset, Joensuun Pakkahuone klo 15<\/p>\n<p>15.2. Philomela: Suden aika, viimeinen esitys!<br \/>\nHelsingin Ritarihuone klo 19<\/p>\n<p>17.2. Sisaruet: Kuorot kapakassa! Joensuu<\/p>\n<p>17.5. Sisaruet: Mets\u00e4n syliss\u00e4, Joensuun Pakkahuone klo 18<br \/>\n18.5. Sisaruet: Mets\u00e4n syliss\u00e4, Joensuun Pakkahuone klo 18<br \/>\n19.5. Sisaruet: Mets\u00e4n syliss\u00e4, Joensuun Pakkahuone klo 15 feat. Akanvirta<\/p>\n<p>26.5. Penttil\u00e4n kolmoset, Hatunkyl\u00e4n Hatunpirtti klo 14<\/p>\n<p>16.6. Penttil\u00e4n kolmoset, M\u00f6hk\u00f6 klo 17<br \/>\n28.6. Penttil\u00e4n kolmoset, Tutjunniemen Saaristonranta<br \/>\n29.6. Penttil\u00e4n kolmoset, R\u00e4\u00e4kkyl\u00e4n Kihaus<br \/>\n30.6. Penttil\u00e4n kolmoset, Rikkavesi<\/p>\n<p>2.7. Penttil\u00e4n kolmoset, Kes\u00e4lahti<\/p>\n<p>9.7. Liisa Tavin muistokonsertti, Joensuun Popkatu<\/p>\n<p>26.7. Penttil\u00e4n kolmoset, M\u00e4t\u00e4svaaran louhosteatteri klo 19<\/p>\n<p>8.8. Penttil\u00e4n kolmoset, Honkavaaran perinnepiha klo 19<\/p>\n<p>9.8. Penttil\u00e4n kolmoset, Etel\u00e4-Vuokon kyl\u00e4talo klo 19<\/p>\n<p>10.8. Penttil\u00e4n kolmoset, Kolin Seurojentalo klo 18<\/p>\n<p>11.8. Penttil\u00e4n kolmoset, Savikyl\u00e4n Maamiesseurantalo klo 19, iltalypsyn j\u00e4lkeen..<\/p>\n<p>16.8. JOEN Y\u00d6: Sisaruet Mets\u00e4n syliss\u00e4, klo 18 Joensuun Pakkahuone<\/p>\n<p>24.8. KANTAESITYS: Selkie (Sibelius Akatemian kuoro, s\u00e4vellys ja kuoronjohto Tellu Turkka, ohjaus ja koreografia P\u00e4ivi J\u00e4rvinen)<\/p>\n<p>1.9. Sisaruet: Mets\u00e4n syliss\u00e4, Joensuun Pakkahuone klo 17<\/p>\n<p>19.10. klo 18.30 Mama Kaber: Kuu paistaa! sooloesitys Vuonislahden kekrijuhlilla<\/p>\n<p>7.11. Penttil\u00e4n kolmoset, Outokummun hoivakodit: Kotikumpu klo 13, Onni klo 13.45 ja Heikinhelmi klo 14.30<\/p>\n<p>8.11. Penttil\u00e4n kolmoset, Tohmaj\u00e4rven hoivakodit: Takkunurmentupa klo 13, Marjattakoti klo 13.45 ja Erkkil\u00e4 klo 14.30<\/p>\n<p>11.11. Penttil\u00e4n kolmoset, Ilomantsin hoivakodit: Koivikkola klo 12.15 ja Toivonlahti klo 13<\/p>\n<p>16.11. klo 18 Philomela 40, Helsingin Musiikkitalon suuri sali, Luurankonainen -teoksen diskanttiversion kantaesitys! s\u00e4v.san. Tellu Turkka, koreografia P\u00e4ivi J\u00e4rvinen<\/p>\n<p>27.11. Penttil\u00e4n kolmoset Ilomantsin Kalevalasali klo 18<\/p>\n<p>30.11. Penttil\u00e4n kolmoset, Kiteen palveluyksik\u00f6t<\/p>\n<p>1.12. Penttil\u00e4n kolmoset, R\u00e4\u00e4kkyl\u00e4n Rasihovi klo 16<\/p>\n<p>7.12. Lieksan hoivakodit: Eerikki klo 13, Partalanm\u00e4ki klo 14, Yrj\u00f6nhovi klo 15<\/p>\n<p>8.12. Penttil\u00e4n kolmoset, Koveron nuorisoseurantalo klo 14<\/p>\n<p>15.12. Penttil\u00e4n kolmoset, Hein\u00e4veden hoivayksik\u00f6t: Pihlajakoti klo 13, Lehmuskoti klo 13.45 ja yleis\u00f6esitys klo 16 (paikka selvi\u00e4\u00e4 my\u00f6hemmin)<\/p>\n","protected":false},"excerpt":{"rendered":"<p>3.2. Penttil\u00e4n kolmoset, Joensuun Pakkahuone klo 18, liput 20\u20ac\/15\u20ac https:\/\/vaarapyora.tapahtumiin.fi 4.2. Penttil\u00e4n kolmoset, Joensuun Pakkahuone klo 15 7.2. Penttil\u00e4n kolmoset, Joensuun Pakkahuone klo 19 8.2. Penttil\u00e4n kolmoset, Joensuun Pakkahuone klo 19 10.2. Penttil\u00e4n kolmoset, Joensuun Pakkahuone klo 18 11.2. Penttil\u00e4n kolmoset, Joensuun Pakkahuone klo 15 15.2. Philomela: Suden aika, viimeinen esitys! Helsingin Ritarihuone klo 19 &hellip; <\/p>\n<p class=\"link-more\"><a href=\"https:\/\/telluturkka.fi\/en\/keikkakalenteri-2024\/\" class=\"more-link\">Continue reading<span class=\"screen-reader-text\"> &#8220;Keikkakalenteri 2024&#8221;<\/span><\/a><\/p>\n","protected":false},"author":2,"featured_media":0,"comment_status":"closed","ping_status":"closed","sticky":false,"template":"","format":"standard","meta":{"_jetpack_memberships_contains_paid_content":false,"footnotes":""},"categories":[1],"tags":[],"class_list":["post-766","post","type-post","status-publish","format-standard","hentry","category-uncategorized"],"translation":{"provider":"WPGlobus","version":"3.0.0","language":"en","enabled_languages":["fi","en"],"languages":{"fi":{"title":true,"content":true,"excerpt":false},"en":{"title":false,"content":false,"excerpt":false}}},"jetpack_sharing_enabled":true,"jetpack_featured_media_url":"","_links":{"self":[{"href":"https:\/\/telluturkka.fi\/en\/wp-json\/wp\/v2\/posts\/766","targetHints":{"allow":["GET"]}}],"collection":[{"href":"https:\/\/telluturkka.fi\/en\/wp-json\/wp\/v2\/posts"}],"about":[{"href":"https:\/\/telluturkka.fi\/en\/wp-json\/wp\/v2\/types\/post"}],"author":[{"embeddable":true,"href":"https:\/\/telluturkka.fi\/en\/wp-json\/wp\/v2\/users\/2"}],"replies":[{"embeddable":true,"href":"https:\/\/telluturkka.fi\/en\/wp-json\/wp\/v2\/comments?post=766"}],"version-history":[{"count":11,"href":"https:\/\/telluturkka.fi\/en\/wp-json\/wp\/v2\/posts\/766\/revisions"}],"predecessor-version":[{"id":826,"href":"https:\/\/telluturkka.fi\/en\/wp-json\/wp\/v2\/posts\/766\/revisions\/826"}],"wp:attachment":[{"href":"https:\/\/telluturkka.fi\/en\/wp-json\/wp\/v2\/media?parent=766"}],"wp:term":[{"taxonomy":"category","embeddable":true,"href":"https:\/\/telluturkka.fi\/en\/wp-json\/wp\/v2\/categories?post=766"},{"taxonomy":"post_tag","embeddable":true,"href":"https:\/\/telluturkka.fi\/en\/wp-json\/wp\/v2\/tags?post=766"}],"curies":[{"name":"wp","href":"https:\/\/api.w.org\/{rel}","templated":true}]}}